{"id":50709,"date":"2026-09-03T09:39:17","date_gmt":"2026-09-03T07:39:17","guid":{"rendered":"https:\/\/www.tink.nl\/blog\/?p=50709"},"modified":"2026-09-03T10:02:51","modified_gmt":"2026-09-03T08:02:51","slug":"live-ifa-2026-al-het-smart-home-nieuws-uit-berlijn","status":"publish","type":"post","link":"https:\/\/www.tink.nl\/blog\/live-ifa-2026-al-het-smart-home-nieuws-uit-berlijn\/","title":{"rendered":"Live: IFA 2026 &#8211; Al het Smart Home Nieuws uit Berlijn"},"content":{"rendered":"\n<!-- TINK LIVEBLOG \u00b7 CONTENT (NL) \u2014 vervang de volledige inhoud van deze box via de Live Blog Studio -->\n<style>\n\/* verberg de Newspaper-inhoudsopgave alleen in de contentkolom van liveblog-posts; de sidebar-versie blijft staan *\/\n.td-pb-span8 .tdb_single_toc{display:none!important}\n.tink-lb{margin:8px 0 30px}\n.tink-lb-status{display:flex;align-items:center;gap:9px;font-size:14px;font-weight:700;text-transform:uppercase;letter-spacing:.05em;color:#c0212e;margin:0 0 18px}\n.tink-lb-status .tink-lb-last{font-weight:400;text-transform:none;letter-spacing:0;color:#5a6b7b;font-size:14px}\n.tink-lb-dot{width:10px;height:10px;border-radius:50%;background:#c0212e;flex:0 0 auto;animation:tinklbpulse 1.6s ease-in-out infinite}\n.tink-lb.tink-lb-closed .tink-lb-status{color:#5a6b7b}\n.tink-lb.tink-lb-closed .tink-lb-dot{background:#9aa8b5;animation:none}\n@keyframes tinklbpulse{0%,100%{opacity:1}50%{opacity:.3}}\n@media (prefers-reduced-motion:reduce){.tink-lb-dot{animation:none}}\n.tink-lb-key{background:#f2f7fc;border:1px solid #d7e5f2;border-radius:6px;padding:16px 20px;margin:0 0 28px}\n.tink-lb-key h4{margin:0 0 10px;font-size:15px}\n.tink-lb-key ul{margin:0;padding-left:18px}\n.tink-lb-key li{margin:5px 0;font-size:14px;line-height:1.5}\n.tink-lb-update{border-left:3px solid #1998fa;padding:2px 0 4px 18px;margin:0 0 28px}\n.tink-lb-figure{margin:0 0 12px}\n.tink-lb-figure img{max-width:100%;height:auto;border-radius:6px;display:block}\n.tink-lb-update .tink-lb-meta{margin:0 0 8px}\n.tink-lb-update .tink-lb-meta time{display:inline-block;background:#214a76;color:#fff;font-size:12px;font-weight:700;letter-spacing:.04em;padding:2px 9px;border-radius:3px}\n.tink-lb-update h2{margin:0 0 10px}\n.tink-lb-update p{margin:0 0 10px}\n<\/style>\n<div class=\"tink-lb\">\n<p class=\"tink-lb-status\"><span class=\"tink-lb-dot\"><\/span>Live <span class=\"tink-lb-last\">\u00b7 Laatste update: <time datetime=\"2026-09-03T09:40:00+02:00\">3 sep \u00b7 09:40<\/time><\/span><\/p>\n<div class=\"tink-lb-updates\">\n<div class=\"tink-lb-update\" id=\"lb-202609030940-4\">\n<p class=\"tink-lb-meta\"><time datetime=\"2026-09-03T09:40:00+02:00\">3 sep \u00b7 09:40<\/time><\/p>\n<h2>Anker laat ook eufy opgaan in het merk Anker<\/h2>\n<p>Tijdens IFA 2026 werd duidelijk dat de naamswissel verder gaat dan gedacht. Wat in april nog een Chinees experiment leek, is nu wereldwijd bevestigd: eufy verdwijnt als merknaam en gaat samen met soundcore volledig op in Anker.<\/p>\n<p>Voor je bestaande apparaten verandert er niets aan de garantie of werking, die blijft gewoon intact. Wel wordt duidelijk waarom deze stap gezet wordt. Dezelfde chip duikt straks op in koptelefoons, oordopjes en camera&#8217;s, en de nieuwe robotmaaier kan zelfs pauzeren dankzij een signaal van een beveiligingscamera in de tuin. E\u00e9n merk, \u00e9\u00e9n ecosysteem dat beter met elkaar praat.<\/p>\n<p>Benieuwd wat dit precies betekent voor jouw garantie en apparaten? <a href=\"https:\/\/www.tink.nl\/blog\/verdwijnt-soundcore-waarom-het-audiomerk-van-anker-plotseling-van-naam-verandert\/\">Lees de volledige uitleg hier<\/a><\/p>\n<p><strong><a href=\"https:\/\/www.tink.nl\/b\/anker\">Bekijk het volledige aanbod van Anker op tink.nl<\/a><\/strong><\/p>\n<\/div>\n<div class=\"tink-lb-update\" id=\"lb-202609030930-3\">\n<p class=\"tink-lb-meta\"><time datetime=\"2026-09-03T09:30:00+02:00\">3 sep \u00b7 09:30<\/time><\/p>\n<h2>Welkom bij ons IFA 2026 liveblog<\/h2>\n<p>Het is 3 september en de deuren van Messe Berlin gaan morgen pas officieel open. Toch borrelt het nu al volop: verschillende merken laten vandaag hun embargo&#8217;s al vallen en tonen hun nieuwste smart home producten nog voordat de eerste bezoeker de beursvloer betreedt. Wij houden dit liveblog de hele week vers, dus hou deze pagina in de gaten voor alle aankondigingen zodra ze binnenkomen.<\/p>\n<\/div>\n<\/div><\/div>\n\n\n\n<!-- TINK LIVEBLOG \u00b7 SCHEMA (NL) \u2014 vervang de volledige inhoud van deze box via de Live Blog Studio -->\n<script type=\"application\/ld+json\">\n{\n \"@context\": \"https:\/\/schema.org\",\n \"@type\": \"LiveBlogPosting\",\n \"@id\": \"https:\/\/www.tink.nl\/blog\/live-ifa-2026-al-het-smart-home-nieuws-uit-berlijn#liveblog\",\n \"mainEntityOfPage\": {\n  \"@type\": \"WebPage\",\n  \"@id\": \"https:\/\/www.tink.nl\/blog\/live-ifa-2026-al-het-smart-home-nieuws-uit-berlijn\"\n },\n \"headline\": \"LIVE: IFA 2026 - Al het Smart Home Nieuws uit Berlijn\",\n \"description\": \"Volg hier live het laatste Smart Home-nieuws van IFA 2026 in Berlijn. Ontdek de nieuwste producten, innovaties en aankondigingen zodra ze worden onthuld.\",\n \"url\": \"https:\/\/www.tink.nl\/blog\/live-ifa-2026-al-het-smart-home-nieuws-uit-berlijn\",\n \"datePublished\": \"2026-08-24T16:58:00+02:00\",\n \"dateModified\": \"2026-09-03T09:40:00+02:00\",\n \"coverageStartTime\": \"2026-08-24T16:58:00+02:00\",\n \"coverageEndTime\": \"2026-08-24T22:58:00+02:00\",\n \"image\": [\n  \"https:\/\/www.tink.nl\/blog\/wp-content\/uploads\/sites\/4\/2026\/09\/TINK-BLOG-x-IFA-_-2-2.png\"\n ],\n \"inLanguage\": \"nl\",\n \"author\": {\n  \"@type\": \"Person\",\n  \"name\": \"Joshua\"\n },\n \"publisher\": {\n  \"@type\": \"Organization\",\n  \"name\": \"tink Blog\",\n  \"logo\": {\n   \"@type\": \"ImageObject\",\n   \"url\": \"https:\/\/www.tink.nl\/blog\/wp-content\/uploads\/sites\/4\/2025\/08\/Group-4157.png\"\n  }\n },\n \"liveBlogUpdate\": [\n  {\n   \"@type\": \"BlogPosting\",\n   \"headline\": \"Anker laat ook eufy opgaan in het merk Anker\",\n   \"datePublished\": \"2026-09-03T09:40:00+02:00\",\n   \"dateModified\": \"2026-09-03T09:40:00+02:00\",\n   \"articleBody\": \"Tijdens IFA 2026 werd duidelijk dat de naamswissel verder gaat dan gedacht. Wat in april nog een Chinees experiment leek, is nu wereldwijd bevestigd: eufy verdwijnt als merknaam en gaat samen met soundcore volledig op in Anker. Voor je bestaande apparaten verandert er niets aan de garantie of werking, die blijft gewoon intact. Wel wordt duidelijk waarom deze stap gezet wordt. Dezelfde chip duikt straks op in koptelefoons, oordopjes en camera's, en de nieuwe robotmaaier kan zelfs pauzeren dankzij een signaal van een beveiligingscamera in de tuin. E\u00e9n merk, \u00e9\u00e9n ecosysteem dat beter met elkaar praat. Benieuwd wat dit precies betekent voor jouw garantie en apparaten? Lees de volledige uitleg hier Bekijk het volledige aanbod van Anker op tink.nl\",\n   \"url\": \"https:\/\/www.tink.nl\/blog\/live-ifa-2026-al-het-smart-home-nieuws-uit-berlijn#lb-202609030940-4\"\n  },\n  {\n   \"@type\": \"BlogPosting\",\n   \"headline\": \"Welkom bij ons IFA 2026 liveblog\",\n   \"datePublished\": \"2026-09-03T09:30:00+02:00\",\n   \"dateModified\": \"2026-09-03T09:42:00+02:00\",\n   \"articleBody\": \"Het is 3 september en de deuren van Messe Berlin gaan morgen pas officieel open. Toch borrelt het nu al volop: verschillende merken laten vandaag hun embargo's al vallen en tonen hun nieuwste smart home producten nog voordat de eerste bezoeker de beursvloer betreedt. Wij houden dit liveblog de hele week vers, dus hou deze pagina in de gaten voor alle aankondigingen zodra ze binnenkomen.\",\n   \"url\": \"https:\/\/www.tink.nl\/blog\/live-ifa-2026-al-het-smart-home-nieuws-uit-berlijn#lb-202609030930-3\"\n  }\n ]\n}\n<\/script>\n","protected":false},"excerpt":{"rendered":"<p>Live \u00b7 Laatste update: 3 sep \u00b7 09:40 3 sep \u00b7 09:40 Anker laat ook eufy opgaan in het merk Anker Tijdens IFA 2026 werd duidelijk dat de naamswissel verder gaat dan gedacht. Wat in april nog een Chinees experiment leek, is nu wereldwijd bevestigd: eufy verdwijnt als merknaam en gaat samen met soundcore volledig [&hellip;]<\/p>\n","protected":false},"author":17,"featured_media":50715,"comment_status":"open","ping_status":"closed","sticky":false,"template":"","format":"standard","meta":{"_acf_changed":false,"_monsterinsights_skip_tracking":false,"jetpack_post_was_ever_published":false,"_jetpack_newsletter_access":"","_jetpack_dont_email_post_to_subs":false,"_jetpack_newsletter_tier_id":0,"_jetpack_memberships_contains_paywalled_content":false,"iawp_total_views":6,"_jetpack_memberships_contains_paid_content":false,"footnotes":"","jetpack_publicize_message":"","jetpack_publicize_feature_enabled":true,"jetpack_social_post_already_shared":true,"jetpack_social_options":{"image_generator_settings":{"template":"highway","enabled":false},"version":2}},"categories":[1674],"tags":[1549,1706,540],"brand":[],"jetpack_publicize_connections":[],"acf":[],"yoast_head":"<!-- This site is optimized with the Yoast SEO plugin v24.5 - https:\/\/yoast.com\/wordpress\/plugins\/seo\/ -->\n<title>Live: IFA 2026 - Al het Smart Home Nieuws uit Berlijn - tink Blog NL<\/title>\n<meta name=\"description\" content=\"Volg ons IFA 2026 liveblog voor al het smart home nieuws uit Berlijn: primeurs, lanceringen en aankondigingen, live bijgehouden van 3 t\/m 8 september.\" \/>\n<meta name=\"robots\" content=\"index, follow, max-snippet:-1, max-image-preview:large, max-video-preview:-1\" \/>\n<link rel=\"canonical\" href=\"https:\/\/www.tink.nl\/blog\/live-ifa-2026-al-het-smart-home-nieuws-uit-berlijn\/\" \/>\n<meta property=\"og:locale\" content=\"nl_NL\" \/>\n<meta property=\"og:type\" content=\"article\" \/>\n<meta property=\"og:title\" content=\"Live: IFA 2026 - Al het Smart Home Nieuws uit Berlijn - tink Blog NL\" \/>\n<meta property=\"og:description\" content=\"Volg ons IFA 2026 liveblog voor al het smart home nieuws uit Berlijn: primeurs, lanceringen en aankondigingen, live bijgehouden van 3 t\/m 8 september.\" \/>\n<meta property=\"og:url\" content=\"https:\/\/www.tink.nl\/blog\/live-ifa-2026-al-het-smart-home-nieuws-uit-berlijn\/\" \/>\n<meta property=\"og:site_name\" content=\"tink Blog NL\" \/>\n<meta property=\"article:publisher\" content=\"https:\/\/www.facebook.com\/tink.nl\/\" \/>\n<meta property=\"article:published_time\" content=\"2026-09-03T07:39:17+00:00\" \/>\n<meta property=\"article:modified_time\" content=\"2026-09-03T08:02:51+00:00\" \/>\n<meta property=\"og:image\" content=\"https:\/\/www.tink.nl\/blog\/wp-content\/uploads\/sites\/4\/2026\/09\/TINK-BLOG-x-IFA-_-2-2.png\" \/>\n\t<meta property=\"og:image:width\" content=\"1280\" \/>\n\t<meta property=\"og:image:height\" content=\"720\" \/>\n\t<meta property=\"og:image:type\" content=\"image\/png\" \/>\n<meta name=\"author\" content=\"Joshua\" \/>\n<meta name=\"twitter:card\" content=\"summary_large_image\" \/>\n<meta name=\"twitter:label1\" content=\"Geschreven door\" \/>\n\t<meta name=\"twitter:data1\" content=\"Joshua\" \/>\n\t<meta name=\"twitter:label2\" content=\"Geschatte leestijd\" \/>\n\t<meta name=\"twitter:data2\" content=\"2 minuten\" \/>\n<script type=\"application\/ld+json\" class=\"yoast-schema-graph\">{\"@context\":\"https:\/\/schema.org\",\"@graph\":[{\"@type\":\"Article\",\"@id\":\"https:\/\/www.tink.nl\/blog\/live-ifa-2026-al-het-smart-home-nieuws-uit-berlijn\/#article\",\"isPartOf\":{\"@id\":\"https:\/\/www.tink.nl\/blog\/live-ifa-2026-al-het-smart-home-nieuws-uit-berlijn\/\"},\"author\":{\"name\":\"Joshua\",\"@id\":\"https:\/\/www.tink.nl\/blog\/#\/schema\/person\/b319dac87929d4a1518400b6da539ed9\"},\"headline\":\"Live: IFA 2026 &#8211; Al het Smart Home Nieuws uit Berlijn\",\"datePublished\":\"2026-09-03T07:39:17+00:00\",\"dateModified\":\"2026-09-03T08:02:51+00:00\",\"mainEntityOfPage\":{\"@id\":\"https:\/\/www.tink.nl\/blog\/live-ifa-2026-al-het-smart-home-nieuws-uit-berlijn\/\"},\"wordCount\":216,\"commentCount\":0,\"publisher\":{\"@id\":\"https:\/\/www.tink.nl\/blog\/#organization\"},\"image\":{\"@id\":\"https:\/\/www.tink.nl\/blog\/live-ifa-2026-al-het-smart-home-nieuws-uit-berlijn\/#primaryimage\"},\"thumbnailUrl\":\"https:\/\/www.tink.nl\/blog\/wp-content\/uploads\/sites\/4\/2026\/09\/TINK-BLOG-x-IFA-_-2-2.png\",\"keywords\":[\"IFA\",\"IFA 2026\",\"Smart Home\"],\"articleSection\":[\"Smart Home Nieuws\"],\"inLanguage\":\"nl-NL\",\"potentialAction\":[{\"@type\":\"CommentAction\",\"name\":\"Comment\",\"target\":[\"https:\/\/www.tink.nl\/blog\/live-ifa-2026-al-het-smart-home-nieuws-uit-berlijn\/#respond\"]}]},{\"@type\":\"WebPage\",\"@id\":\"https:\/\/www.tink.nl\/blog\/live-ifa-2026-al-het-smart-home-nieuws-uit-berlijn\/\",\"url\":\"https:\/\/www.tink.nl\/blog\/live-ifa-2026-al-het-smart-home-nieuws-uit-berlijn\/\",\"name\":\"Live: IFA 2026 - Al het Smart Home Nieuws uit Berlijn - tink Blog NL\",\"isPartOf\":{\"@id\":\"https:\/\/www.tink.nl\/blog\/#website\"},\"primaryImageOfPage\":{\"@id\":\"https:\/\/www.tink.nl\/blog\/live-ifa-2026-al-het-smart-home-nieuws-uit-berlijn\/#primaryimage\"},\"image\":{\"@id\":\"https:\/\/www.tink.nl\/blog\/live-ifa-2026-al-het-smart-home-nieuws-uit-berlijn\/#primaryimage\"},\"thumbnailUrl\":\"https:\/\/www.tink.nl\/blog\/wp-content\/uploads\/sites\/4\/2026\/09\/TINK-BLOG-x-IFA-_-2-2.png\",\"datePublished\":\"2026-09-03T07:39:17+00:00\",\"dateModified\":\"2026-09-03T08:02:51+00:00\",\"description\":\"Volg ons IFA 2026 liveblog voor al het smart home nieuws uit Berlijn: primeurs, lanceringen en aankondigingen, live bijgehouden van 3 t\/m 8 september.\",\"breadcrumb\":{\"@id\":\"https:\/\/www.tink.nl\/blog\/live-ifa-2026-al-het-smart-home-nieuws-uit-berlijn\/#breadcrumb\"},\"inLanguage\":\"nl-NL\",\"potentialAction\":[{\"@type\":\"ReadAction\",\"target\":[\"https:\/\/www.tink.nl\/blog\/live-ifa-2026-al-het-smart-home-nieuws-uit-berlijn\/\"]}]},{\"@type\":\"ImageObject\",\"inLanguage\":\"nl-NL\",\"@id\":\"https:\/\/www.tink.nl\/blog\/live-ifa-2026-al-het-smart-home-nieuws-uit-berlijn\/#primaryimage\",\"url\":\"https:\/\/www.tink.nl\/blog\/wp-content\/uploads\/sites\/4\/2026\/09\/TINK-BLOG-x-IFA-_-2-2.png\",\"contentUrl\":\"https:\/\/www.tink.nl\/blog\/wp-content\/uploads\/sites\/4\/2026\/09\/TINK-BLOG-x-IFA-_-2-2.png\",\"width\":1280,\"height\":720,\"caption\":\"Tink Live Blog IFA 2026\"},{\"@type\":\"BreadcrumbList\",\"@id\":\"https:\/\/www.tink.nl\/blog\/live-ifa-2026-al-het-smart-home-nieuws-uit-berlijn\/#breadcrumb\",\"itemListElement\":[{\"@type\":\"ListItem\",\"position\":1,\"name\":\"Home\",\"item\":\"https:\/\/www.tink.nl\/blog\/\"},{\"@type\":\"ListItem\",\"position\":2,\"name\":\"Nieuws &amp; Trends\",\"item\":\"https:\/\/www.tink.nl\/blog\/category\/smart-home-nieuws-trends\/\"},{\"@type\":\"ListItem\",\"position\":3,\"name\":\"Smart Home Nieuws\",\"item\":\"https:\/\/www.tink.nl\/blog\/category\/smart-home-nieuws-trends\/smart-home-nieuws\/\"},{\"@type\":\"ListItem\",\"position\":4,\"name\":\"Live: IFA 2026 &#8211; Al het Smart Home Nieuws uit Berlijn\"}]},{\"@type\":\"WebSite\",\"@id\":\"https:\/\/www.tink.nl\/blog\/#website\",\"url\":\"https:\/\/www.tink.nl\/blog\/\",\"name\":\"tink Blog\",\"description\":\"tink Smart Home Blog\",\"publisher\":{\"@id\":\"https:\/\/www.tink.nl\/blog\/#organization\"},\"potentialAction\":[{\"@type\":\"SearchAction\",\"target\":{\"@type\":\"EntryPoint\",\"urlTemplate\":\"https:\/\/www.tink.nl\/blog\/?s={search_term_string}\"},\"query-input\":{\"@type\":\"PropertyValueSpecification\",\"valueRequired\":true,\"valueName\":\"search_term_string\"}}],\"inLanguage\":\"nl-NL\"},{\"@type\":\"Organization\",\"@id\":\"https:\/\/www.tink.nl\/blog\/#organization\",\"name\":\"tink GmbH\",\"alternateName\":\"tink\",\"url\":\"https:\/\/www.tink.nl\/blog\/\",\"logo\":{\"@type\":\"ImageObject\",\"inLanguage\":\"nl-NL\",\"@id\":\"https:\/\/www.tink.nl\/blog\/#\/schema\/logo\/image\/\",\"url\":\"https:\/\/www.tink.nl\/blog\/wp-content\/uploads\/sites\/4\/2025\/08\/Group-4157.png\",\"contentUrl\":\"https:\/\/www.tink.nl\/blog\/wp-content\/uploads\/sites\/4\/2025\/08\/Group-4157.png\",\"width\":264,\"height\":265,\"caption\":\"tink GmbH\"},\"image\":{\"@id\":\"https:\/\/www.tink.nl\/blog\/#\/schema\/logo\/image\/\"},\"sameAs\":[\"https:\/\/www.facebook.com\/tink.nl\/\",\"https:\/\/www.instagram.com\/tink.nl\/\",\"https:\/\/www.youtube.com\/@tink_benelux\/videos\",\"https:\/\/www.linkedin.com\/company\/tink-gmbh\/\"]},{\"@type\":\"Person\",\"@id\":\"https:\/\/www.tink.nl\/blog\/#\/schema\/person\/b319dac87929d4a1518400b6da539ed9\",\"name\":\"Joshua\",\"image\":{\"@type\":\"ImageObject\",\"inLanguage\":\"nl-NL\",\"@id\":\"https:\/\/www.tink.nl\/blog\/#\/schema\/person\/image\/\",\"url\":\"https:\/\/secure.gravatar.com\/avatar\/28f9b157c215ee5ae88d53ccc5cdf77f?s=96&d=mm&r=g\",\"contentUrl\":\"https:\/\/secure.gravatar.com\/avatar\/28f9b157c215ee5ae88d53ccc5cdf77f?s=96&d=mm&r=g\",\"caption\":\"Joshua\"},\"description\":\"Joshua versterkt het team van tink sinds juli 2025. Hij combineert zijn jarenlange schrijfervaring met een grote passie voor technologische innovatie. Thuis is hij een fervent gebruiker van Tapo voor sfeervolle verlichting en ook de slimme speakers van JBL hebben een speciaal plekje bij hem. Hij is altijd op zoek naar de volgende uitbreiding en experimenteert momenteel volop met Philips Hue en Soundcore.\",\"url\":\"https:\/\/www.tink.nl\/blog\/author\/joshua\/\"}]}<\/script>\n<!-- \/ Yoast SEO plugin. -->","yoast_head_json":{"title":"Live: IFA 2026 - Al het Smart Home Nieuws uit Berlijn - tink Blog NL","description":"Volg ons IFA 2026 liveblog voor al het smart home nieuws uit Berlijn: primeurs, lanceringen en aankondigingen, live bijgehouden van 3 t\/m 8 september.","robots":{"index":"index","follow":"follow","max-snippet":"max-snippet:-1","max-image-preview":"max-image-preview:large","max-video-preview":"max-video-preview:-1"},"canonical":"https:\/\/www.tink.nl\/blog\/live-ifa-2026-al-het-smart-home-nieuws-uit-berlijn\/","og_locale":"nl_NL","og_type":"article","og_title":"Live: IFA 2026 - Al het Smart Home Nieuws uit Berlijn - tink Blog NL","og_description":"Volg ons IFA 2026 liveblog voor al het smart home nieuws uit Berlijn: primeurs, lanceringen en aankondigingen, live bijgehouden van 3 t\/m 8 september.","og_url":"https:\/\/www.tink.nl\/blog\/live-ifa-2026-al-het-smart-home-nieuws-uit-berlijn\/","og_site_name":"tink Blog NL","article_publisher":"https:\/\/www.facebook.com\/tink.nl\/","article_published_time":"2026-09-03T07:39:17+00:00","article_modified_time":"2026-09-03T08:02:51+00:00","og_image":[{"width":1280,"height":720,"url":"https:\/\/www.tink.nl\/blog\/wp-content\/uploads\/sites\/4\/2026\/09\/TINK-BLOG-x-IFA-_-2-2.png","type":"image\/png"}],"author":"Joshua","twitter_card":"summary_large_image","twitter_misc":{"Geschreven door":"Joshua","Geschatte leestijd":"2 minuten"},"schema":{"@context":"https:\/\/schema.org","@graph":[{"@type":"Article","@id":"https:\/\/www.tink.nl\/blog\/live-ifa-2026-al-het-smart-home-nieuws-uit-berlijn\/#article","isPartOf":{"@id":"https:\/\/www.tink.nl\/blog\/live-ifa-2026-al-het-smart-home-nieuws-uit-berlijn\/"},"author":{"name":"Joshua","@id":"https:\/\/www.tink.nl\/blog\/#\/schema\/person\/b319dac87929d4a1518400b6da539ed9"},"headline":"Live: IFA 2026 &#8211; Al het Smart Home Nieuws uit Berlijn","datePublished":"2026-09-03T07:39:17+00:00","dateModified":"2026-09-03T08:02:51+00:00","mainEntityOfPage":{"@id":"https:\/\/www.tink.nl\/blog\/live-ifa-2026-al-het-smart-home-nieuws-uit-berlijn\/"},"wordCount":216,"commentCount":0,"publisher":{"@id":"https:\/\/www.tink.nl\/blog\/#organization"},"image":{"@id":"https:\/\/www.tink.nl\/blog\/live-ifa-2026-al-het-smart-home-nieuws-uit-berlijn\/#primaryimage"},"thumbnailUrl":"https:\/\/www.tink.nl\/blog\/wp-content\/uploads\/sites\/4\/2026\/09\/TINK-BLOG-x-IFA-_-2-2.png","keywords":["IFA","IFA 2026","Smart Home"],"articleSection":["Smart Home Nieuws"],"inLanguage":"nl-NL","potentialAction":[{"@type":"CommentAction","name":"Comment","target":["https:\/\/www.tink.nl\/blog\/live-ifa-2026-al-het-smart-home-nieuws-uit-berlijn\/#respond"]}]},{"@type":"WebPage","@id":"https:\/\/www.tink.nl\/blog\/live-ifa-2026-al-het-smart-home-nieuws-uit-berlijn\/","url":"https:\/\/www.tink.nl\/blog\/live-ifa-2026-al-het-smart-home-nieuws-uit-berlijn\/","name":"Live: IFA 2026 - Al het Smart Home Nieuws uit Berlijn - tink Blog NL","isPartOf":{"@id":"https:\/\/www.tink.nl\/blog\/#website"},"primaryImageOfPage":{"@id":"https:\/\/www.tink.nl\/blog\/live-ifa-2026-al-het-smart-home-nieuws-uit-berlijn\/#primaryimage"},"image":{"@id":"https:\/\/www.tink.nl\/blog\/live-ifa-2026-al-het-smart-home-nieuws-uit-berlijn\/#primaryimage"},"thumbnailUrl":"https:\/\/www.tink.nl\/blog\/wp-content\/uploads\/sites\/4\/2026\/09\/TINK-BLOG-x-IFA-_-2-2.png","datePublished":"2026-09-03T07:39:17+00:00","dateModified":"2026-09-03T08:02:51+00:00","description":"Volg ons IFA 2026 liveblog voor al het smart home nieuws uit Berlijn: primeurs, lanceringen en aankondigingen, live bijgehouden van 3 t\/m 8 september.","breadcrumb":{"@id":"https:\/\/www.tink.nl\/blog\/live-ifa-2026-al-het-smart-home-nieuws-uit-berlijn\/#breadcrumb"},"inLanguage":"nl-NL","potentialAction":[{"@type":"ReadAction","target":["https:\/\/www.tink.nl\/blog\/live-ifa-2026-al-het-smart-home-nieuws-uit-berlijn\/"]}]},{"@type":"ImageObject","inLanguage":"nl-NL","@id":"https:\/\/www.tink.nl\/blog\/live-ifa-2026-al-het-smart-home-nieuws-uit-berlijn\/#primaryimage","url":"https:\/\/www.tink.nl\/blog\/wp-content\/uploads\/sites\/4\/2026\/09\/TINK-BLOG-x-IFA-_-2-2.png","contentUrl":"https:\/\/www.tink.nl\/blog\/wp-content\/uploads\/sites\/4\/2026\/09\/TINK-BLOG-x-IFA-_-2-2.png","width":1280,"height":720,"caption":"Tink Live Blog IFA 2026"},{"@type":"BreadcrumbList","@id":"https:\/\/www.tink.nl\/blog\/live-ifa-2026-al-het-smart-home-nieuws-uit-berlijn\/#breadcrumb","itemListElement":[{"@type":"ListItem","position":1,"name":"Home","item":"https:\/\/www.tink.nl\/blog\/"},{"@type":"ListItem","position":2,"name":"Nieuws &amp; Trends","item":"https:\/\/www.tink.nl\/blog\/category\/smart-home-nieuws-trends\/"},{"@type":"ListItem","position":3,"name":"Smart Home Nieuws","item":"https:\/\/www.tink.nl\/blog\/category\/smart-home-nieuws-trends\/smart-home-nieuws\/"},{"@type":"ListItem","position":4,"name":"Live: IFA 2026 &#8211; Al het Smart Home Nieuws uit Berlijn"}]},{"@type":"WebSite","@id":"https:\/\/www.tink.nl\/blog\/#website","url":"https:\/\/www.tink.nl\/blog\/","name":"tink Blog","description":"tink Smart Home Blog","publisher":{"@id":"https:\/\/www.tink.nl\/blog\/#organization"},"potentialAction":[{"@type":"SearchAction","target":{"@type":"EntryPoint","urlTemplate":"https:\/\/www.tink.nl\/blog\/?s={search_term_string}"},"query-input":{"@type":"PropertyValueSpecification","valueRequired":true,"valueName":"search_term_string"}}],"inLanguage":"nl-NL"},{"@type":"Organization","@id":"https:\/\/www.tink.nl\/blog\/#organization","name":"tink GmbH","alternateName":"tink","url":"https:\/\/www.tink.nl\/blog\/","logo":{"@type":"ImageObject","inLanguage":"nl-NL","@id":"https:\/\/www.tink.nl\/blog\/#\/schema\/logo\/image\/","url":"https:\/\/www.tink.nl\/blog\/wp-content\/uploads\/sites\/4\/2025\/08\/Group-4157.png","contentUrl":"https:\/\/www.tink.nl\/blog\/wp-content\/uploads\/sites\/4\/2025\/08\/Group-4157.png","width":264,"height":265,"caption":"tink GmbH"},"image":{"@id":"https:\/\/www.tink.nl\/blog\/#\/schema\/logo\/image\/"},"sameAs":["https:\/\/www.facebook.com\/tink.nl\/","https:\/\/www.instagram.com\/tink.nl\/","https:\/\/www.youtube.com\/@tink_benelux\/videos","https:\/\/www.linkedin.com\/company\/tink-gmbh\/"]},{"@type":"Person","@id":"https:\/\/www.tink.nl\/blog\/#\/schema\/person\/b319dac87929d4a1518400b6da539ed9","name":"Joshua","image":{"@type":"ImageObject","inLanguage":"nl-NL","@id":"https:\/\/www.tink.nl\/blog\/#\/schema\/person\/image\/","url":"https:\/\/secure.gravatar.com\/avatar\/28f9b157c215ee5ae88d53ccc5cdf77f?s=96&d=mm&r=g","contentUrl":"https:\/\/secure.gravatar.com\/avatar\/28f9b157c215ee5ae88d53ccc5cdf77f?s=96&d=mm&r=g","caption":"Joshua"},"description":"Joshua versterkt het team van tink sinds juli 2025. Hij combineert zijn jarenlange schrijfervaring met een grote passie voor technologische innovatie. Thuis is hij een fervent gebruiker van Tapo voor sfeervolle verlichting en ook de slimme speakers van JBL hebben een speciaal plekje bij hem. Hij is altijd op zoek naar de volgende uitbreiding en experimenteert momenteel volop met Philips Hue en Soundcore.","url":"https:\/\/www.tink.nl\/blog\/author\/joshua\/"}]}},"jetpack_featured_media_url":"https:\/\/www.tink.nl\/blog\/wp-content\/uploads\/sites\/4\/2026\/09\/TINK-BLOG-x-IFA-_-2-2.png","jetpack_sharing_enabled":true,"_links":{"self":[{"href":"https:\/\/www.tink.nl\/blog\/wp-json\/wp\/v2\/posts\/50709"}],"collection":[{"href":"https:\/\/www.tink.nl\/blog\/wp-json\/wp\/v2\/posts"}],"about":[{"href":"https:\/\/www.tink.nl\/blog\/wp-json\/wp\/v2\/types\/post"}],"author":[{"embeddable":true,"href":"https:\/\/www.tink.nl\/blog\/wp-json\/wp\/v2\/users\/17"}],"replies":[{"embeddable":true,"href":"https:\/\/www.tink.nl\/blog\/wp-json\/wp\/v2\/comments?post=50709"}],"version-history":[{"count":5,"href":"https:\/\/www.tink.nl\/blog\/wp-json\/wp\/v2\/posts\/50709\/revisions"}],"predecessor-version":[{"id":50722,"href":"https:\/\/www.tink.nl\/blog\/wp-json\/wp\/v2\/posts\/50709\/revisions\/50722"}],"wp:featuredmedia":[{"embeddable":true,"href":"https:\/\/www.tink.nl\/blog\/wp-json\/wp\/v2\/media\/50715"}],"wp:attachment":[{"href":"https:\/\/www.tink.nl\/blog\/wp-json\/wp\/v2\/media?parent=50709"}],"wp:term":[{"taxonomy":"category","embeddable":true,"href":"https:\/\/www.tink.nl\/blog\/wp-json\/wp\/v2\/categories?post=50709"},{"taxonomy":"post_tag","embeddable":true,"href":"https:\/\/www.tink.nl\/blog\/wp-json\/wp\/v2\/tags?post=50709"},{"taxonomy":"brand","embeddable":true,"href":"https:\/\/www.tink.nl\/blog\/wp-json\/wp\/v2\/brand?post=50709"}],"curies":[{"name":"wp","href":"https:\/\/api.w.org\/{rel}","templated":true}]}}